{"id":13283,"date":"2020-10-05T16:49:57","date_gmt":"2020-10-05T13:49:57","guid":{"rendered":"https:\/\/agnicoeagle.fi\/?p=13283"},"modified":"2021-06-24T09:43:03","modified_gmt":"2021-06-24T06:43:03","slug":"joulukuussa-2016-kuolemaan-johtaneen-tapaturman-kasittely-edennyt-karajaoikeuteen","status":"publish","type":"post","link":"https:\/\/agnicoeagle.fi\/fi\/joulukuussa-2016-kuolemaan-johtaneen-tapaturman-kasittely-edennyt-karajaoikeuteen\/","title":{"rendered":"Joulukuussa 2016 kuolemaan johtaneen tapaturman k\u00e4sittely edennyt k\u00e4r\u00e4j\u00e4oikeuteen"},"content":{"rendered":"<p>5.10.2020<\/p>\n<p>Agnico Eaglen Kittil\u00e4n kaivoksella joulukuussa 2016 tapahtuneen, urakoitsijan ty\u00f6ntekij\u00e4n kuolemaan johtaneen tapaturman tutkinta on edennyt. Syytt\u00e4j\u00e4 on nostanut syytteet kahdeksaa tuolloin ty\u00f6njohto- ja esimiesteht\u00e4viss\u00e4 toiminutta henkil\u00f6\u00e4 vastaan.<\/p>\n<p>T\u00e4m\u00e4 murheellinen onnettomuus on ollut suuri j\u00e4rkytys kaikille. Agnico Eagle on tehnyt tiivist\u00e4 yhteisty\u00f6t\u00e4 onnettomuutta tutkivien viranomaisten kanssa. Nyt prosessi on edennyt k\u00e4r\u00e4j\u00e4oikeuteen. Haluamme antaa oikeuden k\u00e4sittelylle ty\u00f6rauhan, emmek\u00e4 siksi kommentoi asiaa k\u00e4sittelyn aikana tarkemmin.<\/p>\n<p>Pyrimme parantamaan jatkuvasti turvallisuusjohtamista ja -k\u00e4yt\u00e4nt\u00f6j\u00e4. Turvallisuus on meille ensiarvoisen t\u00e4rke\u00e4 asia, ja jokainen tapaturma on liikaa.\u200b<\/p>\n<p>Median yhteydenotot:<\/p>\n<p>Kaisa Saarij\u00e4rvi<br \/>\nhenkil\u00f6st\u00f6johtaja, Euroopan HR-toiminnot, viestint\u00e4 ja yhteiskuntasuhteet<br \/>\nAgnico Eagle Finland Oy<br \/>\n<a href=\"mailto:kaisa.saarijarvi@agnicoeagle.com\">kaisa.saarijarvi@agnicoeagle.com<\/a><\/p>\n<p>&nbsp;<\/p>\n","protected":false},"excerpt":{"rendered":"<p>5.10.2020 Agnico Eaglen Kittil\u00e4n kaivoksella joulukuussa 2016 tapahtuneen, urakoitsijan ty\u00f6ntekij\u00e4n kuolemaan johtaneen tapaturman tutkinta on edennyt. Syytt\u00e4j\u00e4 on nostanut syytteet kahdeksaa tuolloin ty\u00f6njohto- ja esimiesteht\u00e4viss\u00e4 toiminutta henkil\u00f6\u00e4 vastaan. T\u00e4m\u00e4 murheellinen onnettomuus on ollut suuri j\u00e4rkytys kaikille. Agnico Eagle on tehnyt tiivist\u00e4 yhteisty\u00f6t\u00e4 onnettomuutta tutkivien viranomaisten kanssa. Nyt prosessi on edennyt  [&#8230;]<\/p>\n","protected":false},"author":3,"featured_media":0,"comment_status":"open","ping_status":"open","sticky":false,"template":"","format":"standard","meta":{"_bbp_topic_count":0,"_bbp_reply_count":0,"_bbp_total_topic_count":0,"_bbp_total_reply_count":0,"_bbp_voice_count":0,"_bbp_anonymous_reply_count":0,"_bbp_topic_count_hidden":0,"_bbp_reply_count_hidden":0,"_bbp_forum_subforum_count":0,"footnotes":""},"categories":[89,74],"tags":[],"class_list":["post-13283","post","type-post","status-publish","format-standard","hentry","category-kaikki","category-terveys-turvallisuus"],"_links":{"self":[{"href":"https:\/\/agnicoeagle.fi\/fi\/wp-json\/wp\/v2\/posts\/13283","targetHints":{"allow":["GET"]}}],"collection":[{"href":"https:\/\/agnicoeagle.fi\/fi\/wp-json\/wp\/v2\/posts"}],"about":[{"href":"https:\/\/agnicoeagle.fi\/fi\/wp-json\/wp\/v2\/types\/post"}],"author":[{"embeddable":true,"href":"https:\/\/agnicoeagle.fi\/fi\/wp-json\/wp\/v2\/users\/3"}],"replies":[{"embeddable":true,"href":"https:\/\/agnicoeagle.fi\/fi\/wp-json\/wp\/v2\/comments?post=13283"}],"version-history":[{"count":0,"href":"https:\/\/agnicoeagle.fi\/fi\/wp-json\/wp\/v2\/posts\/13283\/revisions"}],"wp:attachment":[{"href":"https:\/\/agnicoeagle.fi\/fi\/wp-json\/wp\/v2\/media?parent=13283"}],"wp:term":[{"taxonomy":"category","embeddable":true,"href":"https:\/\/agnicoeagle.fi\/fi\/wp-json\/wp\/v2\/categories?post=13283"},{"taxonomy":"post_tag","embeddable":true,"href":"https:\/\/agnicoeagle.fi\/fi\/wp-json\/wp\/v2\/tags?post=13283"}],"curies":[{"name":"wp","href":"https:\/\/api.w.org\/{rel}","templated":true}]}}